{"id":29815,"date":"2025-10-13T14:52:38","date_gmt":"2025-10-13T14:52:38","guid":{"rendered":"https:\/\/momentocipobolt.hu\/?p=29815"},"modified":"2025-10-14T10:06:51","modified_gmt":"2025-10-14T10:06:51","slug":"az-ordog-pradat-visel-amikor-a-divat-tobb-mint-ruha","status":"publish","type":"post","link":"https:\/\/momentocipobolt.hu\/en\/2025\/10\/13\/az-ordog-pradat-visel-amikor-a-divat-tobb-mint-ruha\/","title":{"rendered":"\"The devil wears Prada\" - when fashion is more than clothes\u00a0"},"content":{"rendered":"\t\t<div data-elementor-type=\"wp-post\" data-elementor-id=\"29815\" class=\"elementor elementor-29815\" data-elementor-post-type=\"post\">\n\t\t\t\t<div class=\"wd-negative-gap elementor-element elementor-element-f73f5a5 e-flex e-con-boxed e-con e-parent\" data-id=\"f73f5a5\" data-element_type=\"container\" data-e-type=\"container\">\n\t\t\t\t\t<div class=\"e-con-inner\">\n\t\t<div class=\"elementor-element elementor-element-ae5e951 e-con-full e-flex e-con e-child\" data-id=\"ae5e951\" data-element_type=\"container\" data-e-type=\"container\">\n\t\t\t\t<div class=\"elementor-element elementor-element-8e75e7a elementor-widget elementor-widget-theme-post-featured-image elementor-widget-image\" data-id=\"8e75e7a\" data-element_type=\"widget\" data-e-type=\"widget\" data-settings=\"{&quot;sticky&quot;:&quot;top&quot;,&quot;sticky_on&quot;:[&quot;desktop&quot;],&quot;sticky_offset&quot;:50,&quot;sticky_parent&quot;:&quot;yes&quot;,&quot;sticky_effects_offset&quot;:0,&quot;sticky_anchor_link_offset&quot;:0}\" data-widget_type=\"theme-post-featured-image.default\">\n\t\t\t\t\t\t\t\t\t\t\t\t\t\t\t<img alt=\"\" decoding=\"async\" width=\"500\" height=\"707\" src=\"https:\/\/momentocipobolt.hu\/wp-content\/uploads\/2025\/10\/200.jpg\" class=\"attachment-large size-large wp-image-29816\" alt=\"\" srcset=\"https:\/\/momentocipobolt.hu\/wp-content\/uploads\/2025\/10\/200.jpg 500w, https:\/\/momentocipobolt.hu\/wp-content\/uploads\/2025\/10\/200-212x300.jpg 212w, https:\/\/momentocipobolt.hu\/wp-content\/uploads\/2025\/10\/200-8x12.jpg 8w, https:\/\/momentocipobolt.hu\/wp-content\/uploads\/2025\/10\/200-430x608.jpg 430w, https:\/\/momentocipobolt.hu\/wp-content\/uploads\/2025\/10\/200-150x212.jpg 150w\" sizes=\"(max-width: 500px) 100vw, 500px\" \/>\t\t\t\t\t\t\t\t\t\t\t\t\t\t\t<\/div>\n\t\t\t\t<\/div>\n\t\t<div class=\"elementor-element elementor-element-6c07a29 e-con-full e-flex e-con e-child\" data-id=\"6c07a29\" data-element_type=\"container\" data-e-type=\"container\" data-settings=\"{&quot;sticky&quot;:&quot;top&quot;,&quot;sticky_on&quot;:[&quot;desktop&quot;],&quot;sticky_offset&quot;:20,&quot;sticky_parent&quot;:&quot;yes&quot;,&quot;sticky_effects_offset&quot;:0,&quot;sticky_anchor_link_offset&quot;:0}\">\n\t\t\t\t<div class=\"elementor-element elementor-element-7e50013 elementor-widget elementor-widget-heading\" data-id=\"7e50013\" data-element_type=\"widget\" data-e-type=\"widget\" data-widget_type=\"heading.default\">\n\t\t\t\t\t<h2 class=\"elementor-heading-title elementor-size-default\">\u201eAz \u00f6rd\u00f6g Prad\u00e1t visel\u201d \u2013 amikor a divat t\u00f6bb mint ruha \ud83d\udc60\u2728<\/h2>\t\t\t\t<\/div>\n\t\t\t\t<div class=\"elementor-element elementor-element-5a06ba9 elementor-widget elementor-widget-wd_text_block\" data-id=\"5a06ba9\" data-element_type=\"widget\" data-e-type=\"widget\" data-widget_type=\"wd_text_block.default\">\n\t\t\t\t<div class=\"elementor-widget-container\">\n\t\t\t\t\t\t\t<div class=\"wd-text-block reset-last-child text-left\">\n\t\t\t\n\t\t\t<p><strong>Kev\u00e9s film ragadta meg olyan ikonikus m\u00f3don a divat vil\u00e1g\u00e1t, mint \u201eAz \u00f6rd\u00f6g Prad\u00e1t visel\u201d. <\/strong>Nemcsak ruh\u00e1kr\u00f3l, m\u00e1rk\u00e1kr\u00f3l \u00e9s trendekr\u0151l sz\u00f3l, hanem arr\u00f3l is, hogy mit jelent sz\u00e1munkra a st\u00edlus \u2013 hogyan hat a magabiztoss\u00e1gunkra, a hangulatunkra, s\u0151t, az \u00f6nk\u00e9p\u00fcnkre is.<\/p><p>A film f\u0151h\u0151se, Andy, egy \u00e1tlagos fiatal n\u0151, aki egyik napr\u00f3l a m\u00e1sikra a divatipar k\u00f6z\u00e9ppontj\u00e1ba ker\u00fcl. Az \u00fatja tele van kih\u00edv\u00e1sokkal, \u00f6nbizalommal \u00e9s felismer\u00e9sekkel \u2013 ahogy lassan r\u00e1j\u00f6n: a divat nem felsz\u00ednes, hanem \u00f6nkifejez\u00e9s.<br \/>\u00c9s tal\u00e1n \u00e9pp ez az, ami\u00e9rt ennyien szeretj\u00fck ezt a filmet.<\/p><p><strong>A divat nem csak a kifut\u00f3n l\u00e9tezik:<\/strong> Sokan gondolj\u00e1k, hogy a divat a modellek\u00e9 \u00e9s a magazinok\u00e9, pedig a st\u00edlus a mindennapokban kel \u00e9letre.<br \/>Egy j\u00f3l megv\u00e1lasztott cip\u0151, t\u00e1ska vagy ruha k\u00e9pes teljesen megv\u00e1ltoztatni, hogyan \u00e9rezz\u00fck magunkat. Amikor felveszel egy olyan cip\u0151t, ami igaz\u00e1n te vagy, az nemcsak a megjelen\u00e9sedet, hanem a kisug\u00e1rz\u00e1sodat is megv\u00e1ltoztatja.<\/p><hr \/><p><br \/><strong>A divat nem arr\u00f3l sz\u00f3l, hogy megfelelj\u00fcnk m\u00e1soknak<\/strong> \u2013 hanem hogy megmutassuk, kik vagyunk. Egy sz\u00ednes szand\u00e1l, egy eleg\u00e1ns b\u0151rcip\u0151 vagy egy vag\u00e1ny sneaker mind-mind t\u00f6rt\u00e9netet mes\u00e9l r\u00f3lunk: az \u00e9letst\u00edlusunkr\u00f3l, a hangulatunkr\u00f3l, az egy\u00e9nis\u00e9g\u00fcnkr\u0151l.<\/p><hr \/><p><strong><br \/>St\u00edlus, ami a mindennapokban is \u00e9l: <\/strong>Nem kell divatmagazinba ker\u00fclni ahhoz, hogy st\u00edlusos legy\u00e9l. A titok abban rejlik, hogy olyan darabokat v\u00e1lassz, amelyekben j\u00f3l \u00e9rzed magad \u2013 k\u00e9nyelmesek, id\u0151t\u00e1ll\u00f3ak \u00e9s kiemelik a szem\u00e9lyis\u00e9gedet.<\/p><hr \/><p><strong><br \/>Pontosan ez\u00e9rt im\u00e1djuk mi is a \u201eTutto Bene\u201d \u00e9s a \u201eMarco Tozzi\u201d cip\u0151ket:<\/strong><br \/>mert egyszerre eleg\u00e1nsak \u00e9s hordhat\u00f3ak, a kifut\u00f3 ihlette r\u00e9szletek pedig a mindennapokban is meg\u00e1llj\u00e1k a hely\u00fcket.<\/p><hr \/><p><strong><br \/>A film \u00fczenete ma is aktu\u00e1lis:<\/strong><br \/>\u201eAz \u00f6rd\u00f6g Prad\u00e1t visel\u201d arra eml\u00e9keztet minket, hogy a divat nem csup\u00e1n k\u00fcls\u0151s\u00e9g \u2013 hanem \u00f6nkifejez\u00e9s, kreativit\u00e1s \u00e9s \u00f6nbizalom.<br \/>Ahogy Miranda Priestly mondan\u00e1: \u201eA divat r\u00e9sze annak, ahogy a vil\u00e1got l\u00e1tjuk \u2013 \u00e9s ahogy a vil\u00e1g l\u00e1t minket.\u201d<\/p><blockquote><p><strong>\ud83d\udc83 N\u00e9zz k\u00f6r\u00fcl leg\u00fajabb cip\u0151kollekci\u00f3nkban, \u00e9s tal\u00e1ld meg azt a darabot, ami legjobban kifejez t\u00e9ged \u2013 mert a st\u00edlusod a te t\u00f6rt\u00e9neted. \u2764\ufe0f\ud83d\udc61<\/strong><\/p><\/blockquote>\n\t\t\t\t\t<\/div>\n\t\t\t\t\t\t<\/div>\n\t\t\t\t<\/div>\n\t\t\t\t<\/div>\n\t\t\t\t\t<\/div>\n\t\t\t\t<\/div>\n\t\t<div class=\"wd-negative-gap elementor-element elementor-element-84cf715 e-flex e-con-boxed e-con e-parent\" data-id=\"84cf715\" data-element_type=\"container\" data-e-type=\"container\">\n\t\t\t\t\t<div class=\"e-con-inner\">\n\t\t\t\t<div class=\"elementor-element elementor-element-61ab792 elementor-widget elementor-widget-heading\" data-id=\"61ab792\" data-element_type=\"widget\" data-e-type=\"widget\" data-widget_type=\"heading.default\">\n\t\t\t\t\t<h2 class=\"elementor-heading-title elementor-size-default\">Tov\u00e1bbi bejegyz\u00e9sek<\/h2>\t\t\t\t<\/div>\n\t\t\t\t\t<\/div>\n\t\t\t\t<\/div>\n\t\t<div class=\"wd-negative-gap elementor-element elementor-element-b0b9343 e-flex e-con-boxed e-con e-parent\" data-id=\"b0b9343\" data-element_type=\"container\" data-e-type=\"container\">\n\t\t\t\t\t<div class=\"e-con-inner\">\n\t\t\t\t<div class=\"elementor-element elementor-element-435d5e7 elementor-grid-3 elementor-grid-tablet-2 elementor-grid-mobile-1 elementor-posts--thumbnail-top elementor-card-shadow-yes elementor-posts__hover-gradient elementor-widget elementor-widget-posts\" data-id=\"435d5e7\" data-element_type=\"widget\" data-e-type=\"widget\" data-settings=\"{&quot;cards_columns&quot;:&quot;3&quot;,&quot;cards_columns_tablet&quot;:&quot;2&quot;,&quot;cards_columns_mobile&quot;:&quot;1&quot;,&quot;cards_row_gap&quot;:{&quot;unit&quot;:&quot;px&quot;,&quot;size&quot;:35,&quot;sizes&quot;:[]},&quot;cards_row_gap_tablet&quot;:{&quot;unit&quot;:&quot;px&quot;,&quot;size&quot;:&quot;&quot;,&quot;sizes&quot;:[]},&quot;cards_row_gap_mobile&quot;:{&quot;unit&quot;:&quot;px&quot;,&quot;size&quot;:&quot;&quot;,&quot;sizes&quot;:[]}}\" data-widget_type=\"posts.cards\">\n\t\t\t\t<div class=\"elementor-widget-container\">\n\t\t\t\t\t\t\t<div class=\"elementor-posts-container elementor-posts elementor-posts--skin-cards elementor-grid\" role=\"list\">\n\t\t\t\t<article class=\"elementor-post elementor-grid-item post-29821 post type-post status-publish format-standard has-post-thumbnail hentry category-uncategorized\" role=\"listitem\">\n\t\t\t<div class=\"elementor-post__card\">\n\t\t\t\t<a class=\"elementor-post__thumbnail__link\" href=\"https:\/\/momentocipobolt.hu\/en\/2025\/10\/13\/pestrol-szivvel-veresre-igy-szuletett-a-momento-cipobolt-tortenete\/\" tabindex=\"-1\" ><div class=\"elementor-post__thumbnail\"><img alt=\"\" decoding=\"async\" width=\"400\" height=\"213\" src=\"https:\/\/momentocipobolt.hu\/wp-content\/uploads\/2025\/10\/logo-400x213.png\" class=\"attachment-medium size-medium wp-image-29822\" alt=\"\" srcset=\"https:\/\/momentocipobolt.hu\/wp-content\/uploads\/2025\/10\/logo-400x213.png 400w, https:\/\/momentocipobolt.hu\/wp-content\/uploads\/2025\/10\/logo-768x409.png 768w, https:\/\/momentocipobolt.hu\/wp-content\/uploads\/2025\/10\/logo-18x10.png 18w, https:\/\/momentocipobolt.hu\/wp-content\/uploads\/2025\/10\/logo-430x229.png 430w, https:\/\/momentocipobolt.hu\/wp-content\/uploads\/2025\/10\/logo-700x373.png 700w, https:\/\/momentocipobolt.hu\/wp-content\/uploads\/2025\/10\/logo-150x80.png 150w, https:\/\/momentocipobolt.hu\/wp-content\/uploads\/2025\/10\/logo.png 1000w\" sizes=\"(max-width: 400px) 100vw, 400px\" \/><\/div><\/a>\n\t\t\t\t<div class=\"elementor-post__text\">\n\t\t\t\t<h3 class=\"elementor-post__title\">\n\t\t\t<a href=\"https:\/\/momentocipobolt.hu\/en\/2025\/10\/13\/pestrol-szivvel-veresre-igy-szuletett-a-momento-cipobolt-tortenete\/\" >\n\t\t\t\tPestr\u0151l sz\u00edvvel Veresre \u2013 \u00edgy sz\u00fcletett a Momento Cip\u0151bolt t\u00f6rt\u00e9nete\u00a0\t\t\t<\/a>\n\t\t<\/h3>\n\t\t\n\t\t<a class=\"elementor-post__read-more\" href=\"https:\/\/momentocipobolt.hu\/en\/2025\/10\/13\/pestrol-szivvel-veresre-igy-szuletett-a-momento-cipobolt-tortenete\/\" aria-label=\"Read more about Pestr\u0151l sz\u00edvvel Veresre \u2013 \u00edgy sz\u00fcletett a Momento Cip\u0151bolt t\u00f6rt\u00e9nete\u00a0\" tabindex=\"-1\" >\n\t\t\tTov\u00e1bb olvasom \u00bb\t\t<\/a>\n\n\t\t\t\t<\/div>\n\t\t\t\t\t<\/div>\n\t\t<\/article>\n\t\t\t\t<article class=\"elementor-post elementor-grid-item post-29815 post type-post status-publish format-standard has-post-thumbnail hentry category-uncategorized\" role=\"listitem\">\n\t\t\t<div class=\"elementor-post__card\">\n\t\t\t\t<a class=\"elementor-post__thumbnail__link\" href=\"https:\/\/momentocipobolt.hu\/en\/2025\/10\/13\/az-ordog-pradat-visel-amikor-a-divat-tobb-mint-ruha\/\" tabindex=\"-1\" ><div class=\"elementor-post__thumbnail\"><img alt=\"\" decoding=\"async\" width=\"212\" height=\"300\" src=\"https:\/\/momentocipobolt.hu\/wp-content\/uploads\/2025\/10\/200-212x300.jpg\" class=\"attachment-medium size-medium wp-image-29816\" alt=\"\" srcset=\"https:\/\/momentocipobolt.hu\/wp-content\/uploads\/2025\/10\/200-212x300.jpg 212w, https:\/\/momentocipobolt.hu\/wp-content\/uploads\/2025\/10\/200-8x12.jpg 8w, https:\/\/momentocipobolt.hu\/wp-content\/uploads\/2025\/10\/200-430x608.jpg 430w, https:\/\/momentocipobolt.hu\/wp-content\/uploads\/2025\/10\/200-150x212.jpg 150w, https:\/\/momentocipobolt.hu\/wp-content\/uploads\/2025\/10\/200.jpg 500w\" sizes=\"(max-width: 212px) 100vw, 212px\" \/><\/div><\/a>\n\t\t\t\t<div class=\"elementor-post__text\">\n\t\t\t\t<h3 class=\"elementor-post__title\">\n\t\t\t<a href=\"https:\/\/momentocipobolt.hu\/en\/2025\/10\/13\/az-ordog-pradat-visel-amikor-a-divat-tobb-mint-ruha\/\" >\n\t\t\t\t\u201eAz \u00f6rd\u00f6g Prad\u00e1t visel\u201d \u2013 amikor a divat t\u00f6bb mint ruha\u00a0\t\t\t<\/a>\n\t\t<\/h3>\n\t\t\n\t\t<a class=\"elementor-post__read-more\" href=\"https:\/\/momentocipobolt.hu\/en\/2025\/10\/13\/az-ordog-pradat-visel-amikor-a-divat-tobb-mint-ruha\/\" aria-label=\"Read more about \u201eAz \u00f6rd\u00f6g Prad\u00e1t visel\u201d \u2013 amikor a divat t\u00f6bb mint ruha\u00a0\" tabindex=\"-1\" >\n\t\t\tTov\u00e1bb olvasom \u00bb\t\t<\/a>\n\n\t\t\t\t<\/div>\n\t\t\t\t\t<\/div>\n\t\t<\/article>\n\t\t\t\t<article class=\"elementor-post elementor-grid-item post-29806 post type-post status-publish format-standard has-post-thumbnail hentry category-uncategorized\" role=\"listitem\">\n\t\t\t<div class=\"elementor-post__card\">\n\t\t\t\t<a class=\"elementor-post__thumbnail__link\" href=\"https:\/\/momentocipobolt.hu\/en\/2025\/10\/13\/ti-mikor-vasaroltok-cipot-minden-cipovasarlonak-megvan-a-maga-stilusa\/\" tabindex=\"-1\" ><div class=\"elementor-post__thumbnail\"><img alt=\"\" decoding=\"async\" width=\"400\" height=\"274\" src=\"https:\/\/momentocipobolt.hu\/wp-content\/uploads\/2025\/10\/Keszthely-1-6-1-400x274.jpg\" class=\"attachment-medium size-medium wp-image-29807\" alt=\"\" srcset=\"https:\/\/momentocipobolt.hu\/wp-content\/uploads\/2025\/10\/Keszthely-1-6-1-400x274.jpg 400w, https:\/\/momentocipobolt.hu\/wp-content\/uploads\/2025\/10\/Keszthely-1-6-1-1168x800.jpg 1168w, https:\/\/momentocipobolt.hu\/wp-content\/uploads\/2025\/10\/Keszthely-1-6-1-768x526.jpg 768w, https:\/\/momentocipobolt.hu\/wp-content\/uploads\/2025\/10\/Keszthely-1-6-1-18x12.jpg 18w, https:\/\/momentocipobolt.hu\/wp-content\/uploads\/2025\/10\/Keszthely-1-6-1-430x295.jpg 430w, https:\/\/momentocipobolt.hu\/wp-content\/uploads\/2025\/10\/Keszthely-1-6-1-700x480.jpg 700w, https:\/\/momentocipobolt.hu\/wp-content\/uploads\/2025\/10\/Keszthely-1-6-1-150x103.jpg 150w, https:\/\/momentocipobolt.hu\/wp-content\/uploads\/2025\/10\/Keszthely-1-6-1.jpg 1493w\" sizes=\"(max-width: 400px) 100vw, 400px\" \/><\/div><\/a>\n\t\t\t\t<div class=\"elementor-post__text\">\n\t\t\t\t<h3 class=\"elementor-post__title\">\n\t\t\t<a href=\"https:\/\/momentocipobolt.hu\/en\/2025\/10\/13\/ti-mikor-vasaroltok-cipot-minden-cipovasarlonak-megvan-a-maga-stilusa\/\" >\n\t\t\t\tTi mikor v\u00e1s\u00e1roltok cip\u0151t? \u2013 Minden cip\u0151v\u00e1s\u00e1rl\u00f3nak megvan a maga st\u00edlusa!\u00a0\t\t\t<\/a>\n\t\t<\/h3>\n\t\t\n\t\t<a class=\"elementor-post__read-more\" href=\"https:\/\/momentocipobolt.hu\/en\/2025\/10\/13\/ti-mikor-vasaroltok-cipot-minden-cipovasarlonak-megvan-a-maga-stilusa\/\" aria-label=\"Read more about Ti mikor v\u00e1s\u00e1roltok cip\u0151t? \u2013 Minden cip\u0151v\u00e1s\u00e1rl\u00f3nak megvan a maga st\u00edlusa!\u00a0\" tabindex=\"-1\" >\n\t\t\tTov\u00e1bb olvasom \u00bb\t\t<\/a>\n\n\t\t\t\t<\/div>\n\t\t\t\t\t<\/div>\n\t\t<\/article>\n\t\t\t\t<\/div>\n\t\t\n\t\t\t\t\t\t<\/div>\n\t\t\t\t<\/div>\n\t\t\t\t\t<\/div>\n\t\t\t\t<\/div>\n\t\t\t\t<\/div>\n\t\t","protected":false},"excerpt":{"rendered":"<p>\u201eThe Devil Wears Prada \u2013 when fashion is more than just clothes \ud83d\udc60\u2728 Few films have captured the iconic nature of<\/p>","protected":false},"author":1,"featured_media":29816,"comment_status":"closed","ping_status":"open","sticky":false,"template":"elementor_header_footer","format":"standard","meta":{"_seopress_robots_primary_cat":"","_seopress_titles_title":"","_seopress_titles_desc":"","_seopress_robots_index":"","footnotes":""},"categories":[1],"tags":[],"class_list":["post-29815","post","type-post","status-publish","format-standard","has-post-thumbnail","hentry","category-uncategorized"],"_links":{"self":[{"href":"https:\/\/momentocipobolt.hu\/en\/wp-json\/wp\/v2\/posts\/29815","targetHints":{"allow":["GET"]}}],"collection":[{"href":"https:\/\/momentocipobolt.hu\/en\/wp-json\/wp\/v2\/posts"}],"about":[{"href":"https:\/\/momentocipobolt.hu\/en\/wp-json\/wp\/v2\/types\/post"}],"author":[{"embeddable":true,"href":"https:\/\/momentocipobolt.hu\/en\/wp-json\/wp\/v2\/users\/1"}],"replies":[{"embeddable":true,"href":"https:\/\/momentocipobolt.hu\/en\/wp-json\/wp\/v2\/comments?post=29815"}],"version-history":[{"count":4,"href":"https:\/\/momentocipobolt.hu\/en\/wp-json\/wp\/v2\/posts\/29815\/revisions"}],"predecessor-version":[{"id":29820,"href":"https:\/\/momentocipobolt.hu\/en\/wp-json\/wp\/v2\/posts\/29815\/revisions\/29820"}],"wp:featuredmedia":[{"embeddable":true,"href":"https:\/\/momentocipobolt.hu\/en\/wp-json\/wp\/v2\/media\/29816"}],"wp:attachment":[{"href":"https:\/\/momentocipobolt.hu\/en\/wp-json\/wp\/v2\/media?parent=29815"}],"wp:term":[{"taxonomy":"category","embeddable":true,"href":"https:\/\/momentocipobolt.hu\/en\/wp-json\/wp\/v2\/categories?post=29815"},{"taxonomy":"post_tag","embeddable":true,"href":"https:\/\/momentocipobolt.hu\/en\/wp-json\/wp\/v2\/tags?post=29815"}],"curies":[{"name":"wp","href":"https:\/\/api.w.org\/{rel}","templated":true}]}}